{"id":1684,"date":"2019-03-13T11:23:35","date_gmt":"2019-03-13T10:23:35","guid":{"rendered":"https:\/\/www.sigam.it\/mercato-internazionale\/"},"modified":"2020-01-21T12:46:35","modified_gmt":"2020-01-21T11:46:35","slug":"sigam-marmitte-a-la-conquete-du-marche-international","status":"publish","type":"post","link":"https:\/\/www.sigam.it\/fr\/sigam-marmitte-a-la-conquete-du-marche-international\/","title":{"rendered":"Sigam Marmitte \u00e0 la conqu\u00eate du march\u00e9 international"},"content":{"rendered":"<p>&nbsp;<\/p>\n<p><img loading=\"lazy\" decoding=\"async\" class=\"alignnone size-medium wp-image-955\" src=\"https:\/\/www.sigam.it\/wp-content\/uploads\/2019\/03\/marmitte-sigam-300x225.jpg\" alt=\"\" width=\"300\" height=\"225\" srcset=\"https:\/\/www.sigam.it\/wp-content\/uploads\/2019\/03\/marmitte-sigam-300x225.jpg 300w, https:\/\/www.sigam.it\/wp-content\/uploads\/2019\/03\/marmitte-sigam-768x576.jpg 768w, https:\/\/www.sigam.it\/wp-content\/uploads\/2019\/03\/marmitte-sigam-1024x768.jpg 1024w, https:\/\/www.sigam.it\/wp-content\/uploads\/2019\/03\/marmitte-sigam-195x146.jpg 195w, https:\/\/www.sigam.it\/wp-content\/uploads\/2019\/03\/marmitte-sigam-50x38.jpg 50w, https:\/\/www.sigam.it\/wp-content\/uploads\/2019\/03\/marmitte-sigam-100x75.jpg 100w, https:\/\/www.sigam.it\/wp-content\/uploads\/2019\/03\/marmitte-sigam.jpg 1600w\" sizes=\"auto, (max-width:767px) 300px, 300px\" \/><\/p>\n<p>&nbsp;<\/p>\n<p>L&rsquo;exp\u00e9rience de <em>Sigam Marmitte<\/em> lors de la derni\u00e8re \u00e9dition du salon <em>Automechanika<\/em> de Francfort a \u00e9t\u00e9 un grand succ\u00e8s. L&rsquo;entreprise napolitaine de la famille Marf\u00e8, sp\u00e9cialis\u00e9e depuis 1968 dans la production de silencieux pour voitures et v\u00e9hicules industriels construits selon les normes europ\u00e9ennes les plus r\u00e9centes, se distingue dans l&rsquo;exposition allemande par la vaste gamme de solutions actualis\u00e9es qui y sont pr\u00e9sent\u00e9es, suscitant l&rsquo;int\u00e9r\u00eat du public de <em>Automechanika<\/em>. Satisfait des r\u00e9sultats obtenus, Diego Marf\u00e8, responsable des ventes \u00e0 l&rsquo;\u00e9tranger affirme: \u00ab\u00a0Nous sommes heureux d&rsquo;avoir rencontr\u00e9 nos clients et d&rsquo;avoir d\u00e9velopp\u00e9 des relations int\u00e9ressantes et nouvelles de valeur internationale sur lesquelles nous allons maintenant travailler pour d\u00e9velopper notre activit\u00e9\u201d.<\/p>\n<p>Votre participation au salon <em>Automechanika<\/em> de Francfort vient juste de se terminer. Quel rapport pouvez-vous faire?<\/p>\n<p>Le bilan est sans aucun doute positif. <em>Automechanika <\/em>de Francfort est une \u00e9tape tr\u00e8s importante qui nous a donn\u00e9 la chance de rencontrer notre famille de clients et d&rsquo;\u00e9tablir parall\u00e8lement de nouvelles relations internationales.<\/p>\n<p>\u00c0 l&rsquo;occasion du salon, <em>Sigam<\/em> a eu la possibilit\u00e9 de pr\u00e9senter son nouveau catalogue de produits, qui couvre 90% de la flotte circulante italienne et europ\u00e9enne. Quel a \u00e9t\u00e9 le r\u00e9sultat?<\/p>\n<p>Notre nouveau catalogue comprend environ 3 mille r\u00e9f\u00e9rences de plus que le pr\u00e9c\u00e9dent et couvre, comme je viens de dire, 90% du parc de circulation national et international. Au salon <em>Automechanika<\/em>, les r\u00e9actions ont \u00e9t\u00e9 plus que satisfaisantes. Nos visiteurs l&rsquo;ont appr\u00e9ci\u00e9, tant pour les articles parfaitement en ligne avec la tendance du march\u00e9 que pour le nouveau graphisme, qui est essentiel, et donc plus moderne et dynamique.<\/p>\n<p>La conception et la fabrication de collecteurs pour les syst\u00e8mes d&rsquo;\u00e9chappement pour le secteur automobile et industriel est un domaine sur lequel l&rsquo;entreprise est fortement ax\u00e9e. Il s\u2019agit d\u2019un aspect qui a impressionn\u00e9 le public d&rsquo;<em>Automechanika<\/em>&#8230;<\/p>\n<p>Oui, c\u2019est vrai. Nos prototypes, pr\u00e9sent\u00e9s \u00e0 l&rsquo;exposition allemande, ont suscit\u00e9 un grand int\u00e9r\u00eat de la part de nos visiteurs. Appr\u00e9ci\u00e9e, entre autres, toute la gamme de produits dont l&rsquo;offre s&rsquo;enrichit de plus en plus de nouveaut\u00e9s qui couvriront les mod\u00e8les de voitures caract\u00e9risant le parc circulant actuel.<\/p>\n<p>Enfin, revenant au circuit des festivals de votre secteur, quel sera le prochain salon auquel vous participerez?<\/p>\n<p>Ce sera certainement l&rsquo;\u00e9dition de 2018 d&rsquo;<em>Automechanika <\/em>(Francfort) sur laquelle nous travaillons d\u00e9j\u00e0. Mais entre-temps, nous allons nous concentrer sur le salon <em>Autopromotec <\/em>\u00e0 Bologne de l\u2019ann\u00e9e \u00e0 venir.<\/p>\n","protected":false},"excerpt":{"rendered":"<p>&nbsp; &nbsp; L&rsquo;exp\u00e9rience de Sigam Marmitte lors de la derni\u00e8re \u00e9dition du salon Automechanika de Francfort a \u00e9t\u00e9 un grand<span class=\"excerpt-hellip\"> [\u2026]<\/span><\/p>\n","protected":false},"author":1,"featured_media":1685,"comment_status":"closed","ping_status":"closed","sticky":false,"template":"","format":"video","meta":{"footnotes":""},"categories":[26],"tags":[],"class_list":["post-1684","post","type-post","status-publish","format-video","has-post-thumbnail","hentry","category-non-classifiee","post_format-post-format-video"],"yoast_head":"<!-- This site is optimized with the Yoast SEO plugin v27.0 - https:\/\/yoast.com\/product\/yoast-seo-wordpress\/ -->\n<title>Sigam Marmitte \u00e0 la conqu\u00eate du march\u00e9 international - Sigam<\/title>\n<meta name=\"robots\" content=\"index, follow, max-snippet:-1, max-image-preview:large, max-video-preview:-1\" \/>\n<link rel=\"canonical\" href=\"https:\/\/www.sigam.it\/fr\/sigam-marmitte-a-la-conquete-du-marche-international\/\" \/>\n<meta property=\"og:locale\" content=\"fr_FR\" \/>\n<meta property=\"og:type\" content=\"article\" \/>\n<meta property=\"og:title\" content=\"Sigam Marmitte \u00e0 la conqu\u00eate du march\u00e9 international - Sigam\" \/>\n<meta property=\"og:description\" content=\"&nbsp; &nbsp; L&rsquo;exp\u00e9rience de Sigam Marmitte lors de la derni\u00e8re \u00e9dition du salon Automechanika de Francfort a \u00e9t\u00e9 un grand [\u2026]\" \/>\n<meta property=\"og:url\" content=\"https:\/\/www.sigam.it\/fr\/sigam-marmitte-a-la-conquete-du-marche-international\/\" \/>\n<meta property=\"og:site_name\" content=\"Sigam\" \/>\n<meta property=\"article:published_time\" content=\"2019-03-13T10:23:35+00:00\" \/>\n<meta property=\"article:modified_time\" content=\"2020-01-21T11:46:35+00:00\" \/>\n<meta property=\"og:image\" content=\"https:\/\/www.sigam.it\/wp-content\/uploads\/2019\/03\/marmitte-sigam.jpg\" \/>\n\t<meta property=\"og:image:width\" content=\"1600\" \/>\n\t<meta property=\"og:image:height\" content=\"1200\" \/>\n\t<meta property=\"og:image:type\" content=\"image\/jpeg\" \/>\n<meta name=\"author\" content=\"Raffaele@Sigam\" \/>\n<meta name=\"twitter:card\" content=\"summary_large_image\" \/>\n<meta name=\"twitter:label1\" content=\"\u00c9crit par\" \/>\n\t<meta name=\"twitter:data1\" content=\"Raffaele@Sigam\" \/>\n\t<meta name=\"twitter:label2\" content=\"Dur\u00e9e de lecture estim\u00e9e\" \/>\n\t<meta name=\"twitter:data2\" content=\"2 minutes\" \/>\n<script type=\"application\/ld+json\" class=\"yoast-schema-graph\">{\"@context\":\"https:\/\/schema.org\",\"@graph\":[{\"@type\":\"Article\",\"@id\":\"https:\/\/www.sigam.it\/fr\/sigam-marmitte-a-la-conquete-du-marche-international\/#article\",\"isPartOf\":{\"@id\":\"https:\/\/www.sigam.it\/fr\/sigam-marmitte-a-la-conquete-du-marche-international\/\"},\"author\":{\"name\":\"Raffaele@Sigam\",\"@id\":\"https:\/\/www.sigam.it\/fr\/#\/schema\/person\/2e4b34964bbef55b7e47943262ff76d8\"},\"headline\":\"Sigam Marmitte \u00e0 la conqu\u00eate du march\u00e9 international\",\"datePublished\":\"2019-03-13T10:23:35+00:00\",\"dateModified\":\"2020-01-21T11:46:35+00:00\",\"mainEntityOfPage\":{\"@id\":\"https:\/\/www.sigam.it\/fr\/sigam-marmitte-a-la-conquete-du-marche-international\/\"},\"wordCount\":450,\"image\":{\"@id\":\"https:\/\/www.sigam.it\/fr\/sigam-marmitte-a-la-conquete-du-marche-international\/#primaryimage\"},\"thumbnailUrl\":\"https:\/\/www.sigam.it\/wp-content\/uploads\/2019\/03\/marmitte-sigam.jpg\",\"articleSection\":[\"Non classifi\u00e9(e)\"],\"inLanguage\":\"fr-FR\"},{\"@type\":\"WebPage\",\"@id\":\"https:\/\/www.sigam.it\/fr\/sigam-marmitte-a-la-conquete-du-marche-international\/\",\"url\":\"https:\/\/www.sigam.it\/fr\/sigam-marmitte-a-la-conquete-du-marche-international\/\",\"name\":\"Sigam Marmitte \u00e0 la conqu\u00eate du march\u00e9 international - Sigam\",\"isPartOf\":{\"@id\":\"https:\/\/www.sigam.it\/fr\/#website\"},\"primaryImageOfPage\":{\"@id\":\"https:\/\/www.sigam.it\/fr\/sigam-marmitte-a-la-conquete-du-marche-international\/#primaryimage\"},\"image\":{\"@id\":\"https:\/\/www.sigam.it\/fr\/sigam-marmitte-a-la-conquete-du-marche-international\/#primaryimage\"},\"thumbnailUrl\":\"https:\/\/www.sigam.it\/wp-content\/uploads\/2019\/03\/marmitte-sigam.jpg\",\"datePublished\":\"2019-03-13T10:23:35+00:00\",\"dateModified\":\"2020-01-21T11:46:35+00:00\",\"author\":{\"@id\":\"https:\/\/www.sigam.it\/fr\/#\/schema\/person\/2e4b34964bbef55b7e47943262ff76d8\"},\"breadcrumb\":{\"@id\":\"https:\/\/www.sigam.it\/fr\/sigam-marmitte-a-la-conquete-du-marche-international\/#breadcrumb\"},\"inLanguage\":\"fr-FR\",\"potentialAction\":[{\"@type\":\"ReadAction\",\"target\":[\"https:\/\/www.sigam.it\/fr\/sigam-marmitte-a-la-conquete-du-marche-international\/\"]}]},{\"@type\":\"ImageObject\",\"inLanguage\":\"fr-FR\",\"@id\":\"https:\/\/www.sigam.it\/fr\/sigam-marmitte-a-la-conquete-du-marche-international\/#primaryimage\",\"url\":\"https:\/\/www.sigam.it\/wp-content\/uploads\/2019\/03\/marmitte-sigam.jpg\",\"contentUrl\":\"https:\/\/www.sigam.it\/wp-content\/uploads\/2019\/03\/marmitte-sigam.jpg\",\"width\":1600,\"height\":1200},{\"@type\":\"BreadcrumbList\",\"@id\":\"https:\/\/www.sigam.it\/fr\/sigam-marmitte-a-la-conquete-du-marche-international\/#breadcrumb\",\"itemListElement\":[{\"@type\":\"ListItem\",\"position\":1,\"name\":\"Home\",\"item\":\"https:\/\/www.sigam.it\/fr\/\"},{\"@type\":\"ListItem\",\"position\":2,\"name\":\"Sigam Marmitte \u00e0 la conqu\u00eate du march\u00e9 international\"}]},{\"@type\":\"WebSite\",\"@id\":\"https:\/\/www.sigam.it\/fr\/#website\",\"url\":\"https:\/\/www.sigam.it\/fr\/\",\"name\":\"Sigam\",\"description\":\"Leader dei sistemi di Scarico\",\"potentialAction\":[{\"@type\":\"SearchAction\",\"target\":{\"@type\":\"EntryPoint\",\"urlTemplate\":\"https:\/\/www.sigam.it\/fr\/?s={search_term_string}\"},\"query-input\":{\"@type\":\"PropertyValueSpecification\",\"valueRequired\":true,\"valueName\":\"search_term_string\"}}],\"inLanguage\":\"fr-FR\"},{\"@type\":\"Person\",\"@id\":\"https:\/\/www.sigam.it\/fr\/#\/schema\/person\/2e4b34964bbef55b7e47943262ff76d8\",\"name\":\"Raffaele@Sigam\",\"image\":{\"@type\":\"ImageObject\",\"inLanguage\":\"fr-FR\",\"@id\":\"https:\/\/www.sigam.it\/fr\/#\/schema\/person\/image\/\",\"url\":\"https:\/\/secure.gravatar.com\/avatar\/1dc262aecd459fc0b03da668fce8a407bd0d6af1011fb2b23cee1c9fc0ea290a?s=96&d=mm&r=g\",\"contentUrl\":\"https:\/\/secure.gravatar.com\/avatar\/1dc262aecd459fc0b03da668fce8a407bd0d6af1011fb2b23cee1c9fc0ea290a?s=96&d=mm&r=g\",\"caption\":\"Raffaele@Sigam\"},\"url\":\"https:\/\/www.sigam.it\/fr\/author\/raffaelesigam\/\"}]}<\/script>\n<!-- \/ Yoast SEO plugin. -->","yoast_head_json":{"title":"Sigam Marmitte \u00e0 la conqu\u00eate du march\u00e9 international - Sigam","robots":{"index":"index","follow":"follow","max-snippet":"max-snippet:-1","max-image-preview":"max-image-preview:large","max-video-preview":"max-video-preview:-1"},"canonical":"https:\/\/www.sigam.it\/fr\/sigam-marmitte-a-la-conquete-du-marche-international\/","og_locale":"fr_FR","og_type":"article","og_title":"Sigam Marmitte \u00e0 la conqu\u00eate du march\u00e9 international - Sigam","og_description":"&nbsp; &nbsp; L&rsquo;exp\u00e9rience de Sigam Marmitte lors de la derni\u00e8re \u00e9dition du salon Automechanika de Francfort a \u00e9t\u00e9 un grand [\u2026]","og_url":"https:\/\/www.sigam.it\/fr\/sigam-marmitte-a-la-conquete-du-marche-international\/","og_site_name":"Sigam","article_published_time":"2019-03-13T10:23:35+00:00","article_modified_time":"2020-01-21T11:46:35+00:00","og_image":[{"width":1600,"height":1200,"url":"https:\/\/www.sigam.it\/wp-content\/uploads\/2019\/03\/marmitte-sigam.jpg","type":"image\/jpeg"}],"author":"Raffaele@Sigam","twitter_card":"summary_large_image","twitter_misc":{"\u00c9crit par":"Raffaele@Sigam","Dur\u00e9e de lecture estim\u00e9e":"2 minutes"},"schema":{"@context":"https:\/\/schema.org","@graph":[{"@type":"Article","@id":"https:\/\/www.sigam.it\/fr\/sigam-marmitte-a-la-conquete-du-marche-international\/#article","isPartOf":{"@id":"https:\/\/www.sigam.it\/fr\/sigam-marmitte-a-la-conquete-du-marche-international\/"},"author":{"name":"Raffaele@Sigam","@id":"https:\/\/www.sigam.it\/fr\/#\/schema\/person\/2e4b34964bbef55b7e47943262ff76d8"},"headline":"Sigam Marmitte \u00e0 la conqu\u00eate du march\u00e9 international","datePublished":"2019-03-13T10:23:35+00:00","dateModified":"2020-01-21T11:46:35+00:00","mainEntityOfPage":{"@id":"https:\/\/www.sigam.it\/fr\/sigam-marmitte-a-la-conquete-du-marche-international\/"},"wordCount":450,"image":{"@id":"https:\/\/www.sigam.it\/fr\/sigam-marmitte-a-la-conquete-du-marche-international\/#primaryimage"},"thumbnailUrl":"https:\/\/www.sigam.it\/wp-content\/uploads\/2019\/03\/marmitte-sigam.jpg","articleSection":["Non classifi\u00e9(e)"],"inLanguage":"fr-FR"},{"@type":"WebPage","@id":"https:\/\/www.sigam.it\/fr\/sigam-marmitte-a-la-conquete-du-marche-international\/","url":"https:\/\/www.sigam.it\/fr\/sigam-marmitte-a-la-conquete-du-marche-international\/","name":"Sigam Marmitte \u00e0 la conqu\u00eate du march\u00e9 international - Sigam","isPartOf":{"@id":"https:\/\/www.sigam.it\/fr\/#website"},"primaryImageOfPage":{"@id":"https:\/\/www.sigam.it\/fr\/sigam-marmitte-a-la-conquete-du-marche-international\/#primaryimage"},"image":{"@id":"https:\/\/www.sigam.it\/fr\/sigam-marmitte-a-la-conquete-du-marche-international\/#primaryimage"},"thumbnailUrl":"https:\/\/www.sigam.it\/wp-content\/uploads\/2019\/03\/marmitte-sigam.jpg","datePublished":"2019-03-13T10:23:35+00:00","dateModified":"2020-01-21T11:46:35+00:00","author":{"@id":"https:\/\/www.sigam.it\/fr\/#\/schema\/person\/2e4b34964bbef55b7e47943262ff76d8"},"breadcrumb":{"@id":"https:\/\/www.sigam.it\/fr\/sigam-marmitte-a-la-conquete-du-marche-international\/#breadcrumb"},"inLanguage":"fr-FR","potentialAction":[{"@type":"ReadAction","target":["https:\/\/www.sigam.it\/fr\/sigam-marmitte-a-la-conquete-du-marche-international\/"]}]},{"@type":"ImageObject","inLanguage":"fr-FR","@id":"https:\/\/www.sigam.it\/fr\/sigam-marmitte-a-la-conquete-du-marche-international\/#primaryimage","url":"https:\/\/www.sigam.it\/wp-content\/uploads\/2019\/03\/marmitte-sigam.jpg","contentUrl":"https:\/\/www.sigam.it\/wp-content\/uploads\/2019\/03\/marmitte-sigam.jpg","width":1600,"height":1200},{"@type":"BreadcrumbList","@id":"https:\/\/www.sigam.it\/fr\/sigam-marmitte-a-la-conquete-du-marche-international\/#breadcrumb","itemListElement":[{"@type":"ListItem","position":1,"name":"Home","item":"https:\/\/www.sigam.it\/fr\/"},{"@type":"ListItem","position":2,"name":"Sigam Marmitte \u00e0 la conqu\u00eate du march\u00e9 international"}]},{"@type":"WebSite","@id":"https:\/\/www.sigam.it\/fr\/#website","url":"https:\/\/www.sigam.it\/fr\/","name":"Sigam","description":"Leader dei sistemi di Scarico","potentialAction":[{"@type":"SearchAction","target":{"@type":"EntryPoint","urlTemplate":"https:\/\/www.sigam.it\/fr\/?s={search_term_string}"},"query-input":{"@type":"PropertyValueSpecification","valueRequired":true,"valueName":"search_term_string"}}],"inLanguage":"fr-FR"},{"@type":"Person","@id":"https:\/\/www.sigam.it\/fr\/#\/schema\/person\/2e4b34964bbef55b7e47943262ff76d8","name":"Raffaele@Sigam","image":{"@type":"ImageObject","inLanguage":"fr-FR","@id":"https:\/\/www.sigam.it\/fr\/#\/schema\/person\/image\/","url":"https:\/\/secure.gravatar.com\/avatar\/1dc262aecd459fc0b03da668fce8a407bd0d6af1011fb2b23cee1c9fc0ea290a?s=96&d=mm&r=g","contentUrl":"https:\/\/secure.gravatar.com\/avatar\/1dc262aecd459fc0b03da668fce8a407bd0d6af1011fb2b23cee1c9fc0ea290a?s=96&d=mm&r=g","caption":"Raffaele@Sigam"},"url":"https:\/\/www.sigam.it\/fr\/author\/raffaelesigam\/"}]}},"_links":{"self":[{"href":"https:\/\/www.sigam.it\/fr\/wp-json\/wp\/v2\/posts\/1684","targetHints":{"allow":["GET"]}}],"collection":[{"href":"https:\/\/www.sigam.it\/fr\/wp-json\/wp\/v2\/posts"}],"about":[{"href":"https:\/\/www.sigam.it\/fr\/wp-json\/wp\/v2\/types\/post"}],"author":[{"embeddable":true,"href":"https:\/\/www.sigam.it\/fr\/wp-json\/wp\/v2\/users\/1"}],"replies":[{"embeddable":true,"href":"https:\/\/www.sigam.it\/fr\/wp-json\/wp\/v2\/comments?post=1684"}],"version-history":[{"count":0,"href":"https:\/\/www.sigam.it\/fr\/wp-json\/wp\/v2\/posts\/1684\/revisions"}],"wp:featuredmedia":[{"embeddable":true,"href":"https:\/\/www.sigam.it\/fr\/wp-json\/wp\/v2\/media\/1685"}],"wp:attachment":[{"href":"https:\/\/www.sigam.it\/fr\/wp-json\/wp\/v2\/media?parent=1684"}],"wp:term":[{"taxonomy":"category","embeddable":true,"href":"https:\/\/www.sigam.it\/fr\/wp-json\/wp\/v2\/categories?post=1684"},{"taxonomy":"post_tag","embeddable":true,"href":"https:\/\/www.sigam.it\/fr\/wp-json\/wp\/v2\/tags?post=1684"}],"curies":[{"name":"wp","href":"https:\/\/api.w.org\/{rel}","templated":true}]}}