{"id":2070,"date":"2019-03-13T11:23:35","date_gmt":"2019-03-13T10:23:35","guid":{"rendered":"https:\/\/www.sigam.it\/mercato-internazionale\/"},"modified":"2020-03-18T16:12:37","modified_gmt":"2020-03-18T15:12:37","slug":"sigam-marmitte-erobern-den-internationalen-markt","status":"publish","type":"post","link":"https:\/\/www.sigam.it\/de\/sigam-marmitte-erobern-den-internationalen-markt\/","title":{"rendered":"Sigam Marmitte erobern den internationalen Markt"},"content":{"rendered":"<p>&nbsp;<\/p>\n<p><img loading=\"lazy\" decoding=\"async\" class=\"alignnone size-medium wp-image-955\" src=\"https:\/\/www.sigam.it\/wp-content\/uploads\/2019\/03\/marmitte-sigam-300x225.jpg\" alt=\"\" width=\"300\" height=\"225\" srcset=\"https:\/\/www.sigam.it\/wp-content\/uploads\/2019\/03\/marmitte-sigam-300x225.jpg 300w, https:\/\/www.sigam.it\/wp-content\/uploads\/2019\/03\/marmitte-sigam-768x576.jpg 768w, https:\/\/www.sigam.it\/wp-content\/uploads\/2019\/03\/marmitte-sigam-1024x768.jpg 1024w, https:\/\/www.sigam.it\/wp-content\/uploads\/2019\/03\/marmitte-sigam-195x146.jpg 195w, https:\/\/www.sigam.it\/wp-content\/uploads\/2019\/03\/marmitte-sigam-50x38.jpg 50w, https:\/\/www.sigam.it\/wp-content\/uploads\/2019\/03\/marmitte-sigam-100x75.jpg 100w, https:\/\/www.sigam.it\/wp-content\/uploads\/2019\/03\/marmitte-sigam.jpg 1600w\" sizes=\"auto, (max-width:767px) 300px, 300px\" \/><\/p>\n<p>&nbsp;<\/p>\n<p>Die Erfahrungen von Sigam Marmitte bei der letzten Automechanika Frankfurt waren ein voller Erfolg. Das in Campania ans\u00e4ssige Unternehmen der Familie Marf\u00e8, das sich seit 1968 auf die Herstellung von Schalld\u00e4mpfern f\u00fcr Pkw und Nutzfahrzeuge nach den neuesten europ\u00e4ischen Standards spezialisiert hat, sticht auf der deutschen Messe durch sein breites und aktuelles Angebot an ausgestellten L\u00f6sungen hervor. Dies weckte das Interesse der Automechanika-\u00d6ffentlichkeit. Diego Marf\u00e8, Verkaufsleiter, zeigte sich mit den Ergebnissen zufrieden: &#8222;Wir freuen uns, unsere Kunden getroffen zu haben und interessante und neue Beziehungen von internationalem Wert aufgebaut zu haben, an denen wir nun arbeiten werden, um unser Gesch\u00e4ft auszubauen.&#8220;<\/p>\n<p>Ihre Teilnahme an der Automechanika Frankfurt ist gerade zu Ende gegangen. Welches Feedback ist m\u00f6glich?<\/p>\n<p>Die Bilanz ist zweifellos positiv. Die Automechanika Frankfurt ist eine sehr wichtige Etappe, die es uns erm\u00f6glicht, unsere Kundenfamilie kennenzulernen und gleichzeitig neue internationale Beziehungen aufzubauen.<\/p>\n<p>Auf der Messe hatte Sigam die Gelegenheit, den neuen Produktkatalog vorzustellen, der 90% der italienischen und europ\u00e4ischen Umlaufflotte abdeckt. Wie war das Feedback?<\/p>\n<p>Unser neuer Katalog hat rund 3.000 Referenzen mehr als der vorherige und deckt, wie bereits erw\u00e4hnt, 90% der nationalen und internationalen Umlaufflotte ab. \u00a0Bei der Automechanika war das Feedback mehr als zufriedenstellend. Unseren Besuchern hat es gefallen, sowohl bei den Artikeln, die dem Markttrend perfekt entsprechen, als auch bei den neuen, wesentlichen und damit moderneren und dynamischeren Grafiken.<\/p>\n<p>Ein Bereich, auf den sich das Unternehmen stark konzentriert, ist die Entwicklung und Herstellung von Abgaskr\u00fcmmern f\u00fcr die Automobil- und Industriebranche. Ein Aspekt, der die Automechanika-\u00d6ffentlichkeit beeindruckt hat &#8230;<\/p>\n<p>Das ist richtig. Unsere auf der deutschen Messe ausgestellten Prototypen stie\u00dfen bei unseren Besuchern auf gro\u00dfes Interesse. Dabei wurde unter anderem die gesamte Produktpalette gew\u00fcrdigt, deren Angebot zunehmend um neue Artikel f\u00fcr die Automodelle erweitert wird, die den aktuellen Fuhrpark kennzeichnen.<\/p>\n<p>Was wird das n\u00e4chste Ausstellung Ziel sein, wenn wir zum Kreis der Ereignisse in der Branche zur\u00fcckkehren?<\/p>\n<p>Nat\u00fcrlich wird es die Automechanika Frankfurt 2018 sein, an der wir bereits arbeiten. \u00a0In der Zwischenzeit werden wir uns n\u00e4chstes Jahr auf die Autopromotec in Bologna konzentrieren.<\/p>\n","protected":false},"excerpt":{"rendered":"<p>&nbsp; &nbsp; Die Erfahrungen von Sigam Marmitte bei der letzten Automechanika Frankfurt waren ein voller Erfolg. Das in Campania ans\u00e4ssige<span class=\"excerpt-hellip\"> [\u2026]<\/span><\/p>\n","protected":false},"author":1,"featured_media":2071,"comment_status":"closed","ping_status":"closed","sticky":false,"template":"","format":"video","meta":{"footnotes":""},"categories":[28],"tags":[],"class_list":["post-2070","post","type-post","status-publish","format-video","has-post-thumbnail","hentry","category-unkategorisiert","post_format-post-format-video"],"yoast_head":"<!-- This site is optimized with the Yoast SEO plugin v27.0 - https:\/\/yoast.com\/product\/yoast-seo-wordpress\/ -->\n<title>Sigam Marmitte erobern den internationalen Markt - Sigam<\/title>\n<meta name=\"robots\" content=\"index, follow, max-snippet:-1, max-image-preview:large, max-video-preview:-1\" \/>\n<link rel=\"canonical\" href=\"https:\/\/www.sigam.it\/de\/sigam-marmitte-erobern-den-internationalen-markt\/\" \/>\n<meta property=\"og:locale\" content=\"de_DE\" \/>\n<meta property=\"og:type\" content=\"article\" \/>\n<meta property=\"og:title\" content=\"Sigam Marmitte erobern den internationalen Markt - Sigam\" \/>\n<meta property=\"og:description\" content=\"&nbsp; &nbsp; Die Erfahrungen von Sigam Marmitte bei der letzten Automechanika Frankfurt waren ein voller Erfolg. Das in Campania ans\u00e4ssige [\u2026]\" \/>\n<meta property=\"og:url\" content=\"https:\/\/www.sigam.it\/de\/sigam-marmitte-erobern-den-internationalen-markt\/\" \/>\n<meta property=\"og:site_name\" content=\"Sigam\" \/>\n<meta property=\"article:published_time\" content=\"2019-03-13T10:23:35+00:00\" \/>\n<meta property=\"article:modified_time\" content=\"2020-03-18T15:12:37+00:00\" \/>\n<meta property=\"og:image\" content=\"https:\/\/www.sigam.it\/wp-content\/uploads\/2019\/03\/marmitte-sigam.jpg\" \/>\n\t<meta property=\"og:image:width\" content=\"1600\" \/>\n\t<meta property=\"og:image:height\" content=\"1200\" \/>\n\t<meta property=\"og:image:type\" content=\"image\/jpeg\" \/>\n<meta name=\"author\" content=\"Raffaele@Sigam\" \/>\n<meta name=\"twitter:card\" content=\"summary_large_image\" \/>\n<meta name=\"twitter:label1\" content=\"Verfasst von\" \/>\n\t<meta name=\"twitter:data1\" content=\"Raffaele@Sigam\" \/>\n\t<meta name=\"twitter:label2\" content=\"Gesch\u00e4tzte Lesezeit\" \/>\n\t<meta name=\"twitter:data2\" content=\"2\u00a0Minuten\" \/>\n<script type=\"application\/ld+json\" class=\"yoast-schema-graph\">{\"@context\":\"https:\/\/schema.org\",\"@graph\":[{\"@type\":\"Article\",\"@id\":\"https:\/\/www.sigam.it\/de\/sigam-marmitte-erobern-den-internationalen-markt\/#article\",\"isPartOf\":{\"@id\":\"https:\/\/www.sigam.it\/de\/sigam-marmitte-erobern-den-internationalen-markt\/\"},\"author\":{\"name\":\"Raffaele@Sigam\",\"@id\":\"https:\/\/www.sigam.it\/de\/#\/schema\/person\/2e4b34964bbef55b7e47943262ff76d8\"},\"headline\":\"Sigam Marmitte erobern den internationalen Markt\",\"datePublished\":\"2019-03-13T10:23:35+00:00\",\"dateModified\":\"2020-03-18T15:12:37+00:00\",\"mainEntityOfPage\":{\"@id\":\"https:\/\/www.sigam.it\/de\/sigam-marmitte-erobern-den-internationalen-markt\/\"},\"wordCount\":361,\"image\":{\"@id\":\"https:\/\/www.sigam.it\/de\/sigam-marmitte-erobern-den-internationalen-markt\/#primaryimage\"},\"thumbnailUrl\":\"https:\/\/www.sigam.it\/wp-content\/uploads\/2019\/03\/marmitte-sigam.jpg\",\"articleSection\":[\"Unkategorisiert\"],\"inLanguage\":\"de\"},{\"@type\":\"WebPage\",\"@id\":\"https:\/\/www.sigam.it\/de\/sigam-marmitte-erobern-den-internationalen-markt\/\",\"url\":\"https:\/\/www.sigam.it\/de\/sigam-marmitte-erobern-den-internationalen-markt\/\",\"name\":\"Sigam Marmitte erobern den internationalen Markt - Sigam\",\"isPartOf\":{\"@id\":\"https:\/\/www.sigam.it\/de\/#website\"},\"primaryImageOfPage\":{\"@id\":\"https:\/\/www.sigam.it\/de\/sigam-marmitte-erobern-den-internationalen-markt\/#primaryimage\"},\"image\":{\"@id\":\"https:\/\/www.sigam.it\/de\/sigam-marmitte-erobern-den-internationalen-markt\/#primaryimage\"},\"thumbnailUrl\":\"https:\/\/www.sigam.it\/wp-content\/uploads\/2019\/03\/marmitte-sigam.jpg\",\"datePublished\":\"2019-03-13T10:23:35+00:00\",\"dateModified\":\"2020-03-18T15:12:37+00:00\",\"author\":{\"@id\":\"https:\/\/www.sigam.it\/de\/#\/schema\/person\/2e4b34964bbef55b7e47943262ff76d8\"},\"breadcrumb\":{\"@id\":\"https:\/\/www.sigam.it\/de\/sigam-marmitte-erobern-den-internationalen-markt\/#breadcrumb\"},\"inLanguage\":\"de\",\"potentialAction\":[{\"@type\":\"ReadAction\",\"target\":[\"https:\/\/www.sigam.it\/de\/sigam-marmitte-erobern-den-internationalen-markt\/\"]}]},{\"@type\":\"ImageObject\",\"inLanguage\":\"de\",\"@id\":\"https:\/\/www.sigam.it\/de\/sigam-marmitte-erobern-den-internationalen-markt\/#primaryimage\",\"url\":\"https:\/\/www.sigam.it\/wp-content\/uploads\/2019\/03\/marmitte-sigam.jpg\",\"contentUrl\":\"https:\/\/www.sigam.it\/wp-content\/uploads\/2019\/03\/marmitte-sigam.jpg\",\"width\":1600,\"height\":1200},{\"@type\":\"BreadcrumbList\",\"@id\":\"https:\/\/www.sigam.it\/de\/sigam-marmitte-erobern-den-internationalen-markt\/#breadcrumb\",\"itemListElement\":[{\"@type\":\"ListItem\",\"position\":1,\"name\":\"Home\",\"item\":\"https:\/\/www.sigam.it\/de\/\"},{\"@type\":\"ListItem\",\"position\":2,\"name\":\"Sigam Marmitte erobern den internationalen Markt\"}]},{\"@type\":\"WebSite\",\"@id\":\"https:\/\/www.sigam.it\/de\/#website\",\"url\":\"https:\/\/www.sigam.it\/de\/\",\"name\":\"Sigam\",\"description\":\"Leader dei sistemi di Scarico\",\"potentialAction\":[{\"@type\":\"SearchAction\",\"target\":{\"@type\":\"EntryPoint\",\"urlTemplate\":\"https:\/\/www.sigam.it\/de\/?s={search_term_string}\"},\"query-input\":{\"@type\":\"PropertyValueSpecification\",\"valueRequired\":true,\"valueName\":\"search_term_string\"}}],\"inLanguage\":\"de\"},{\"@type\":\"Person\",\"@id\":\"https:\/\/www.sigam.it\/de\/#\/schema\/person\/2e4b34964bbef55b7e47943262ff76d8\",\"name\":\"Raffaele@Sigam\",\"image\":{\"@type\":\"ImageObject\",\"inLanguage\":\"de\",\"@id\":\"https:\/\/www.sigam.it\/de\/#\/schema\/person\/image\/\",\"url\":\"https:\/\/secure.gravatar.com\/avatar\/1dc262aecd459fc0b03da668fce8a407bd0d6af1011fb2b23cee1c9fc0ea290a?s=96&d=mm&r=g\",\"contentUrl\":\"https:\/\/secure.gravatar.com\/avatar\/1dc262aecd459fc0b03da668fce8a407bd0d6af1011fb2b23cee1c9fc0ea290a?s=96&d=mm&r=g\",\"caption\":\"Raffaele@Sigam\"},\"url\":\"https:\/\/www.sigam.it\/de\/author\/raffaelesigam\/\"}]}<\/script>\n<!-- \/ Yoast SEO plugin. -->","yoast_head_json":{"title":"Sigam Marmitte erobern den internationalen Markt - Sigam","robots":{"index":"index","follow":"follow","max-snippet":"max-snippet:-1","max-image-preview":"max-image-preview:large","max-video-preview":"max-video-preview:-1"},"canonical":"https:\/\/www.sigam.it\/de\/sigam-marmitte-erobern-den-internationalen-markt\/","og_locale":"de_DE","og_type":"article","og_title":"Sigam Marmitte erobern den internationalen Markt - Sigam","og_description":"&nbsp; &nbsp; Die Erfahrungen von Sigam Marmitte bei der letzten Automechanika Frankfurt waren ein voller Erfolg. Das in Campania ans\u00e4ssige [\u2026]","og_url":"https:\/\/www.sigam.it\/de\/sigam-marmitte-erobern-den-internationalen-markt\/","og_site_name":"Sigam","article_published_time":"2019-03-13T10:23:35+00:00","article_modified_time":"2020-03-18T15:12:37+00:00","og_image":[{"width":1600,"height":1200,"url":"https:\/\/www.sigam.it\/wp-content\/uploads\/2019\/03\/marmitte-sigam.jpg","type":"image\/jpeg"}],"author":"Raffaele@Sigam","twitter_card":"summary_large_image","twitter_misc":{"Verfasst von":"Raffaele@Sigam","Gesch\u00e4tzte Lesezeit":"2\u00a0Minuten"},"schema":{"@context":"https:\/\/schema.org","@graph":[{"@type":"Article","@id":"https:\/\/www.sigam.it\/de\/sigam-marmitte-erobern-den-internationalen-markt\/#article","isPartOf":{"@id":"https:\/\/www.sigam.it\/de\/sigam-marmitte-erobern-den-internationalen-markt\/"},"author":{"name":"Raffaele@Sigam","@id":"https:\/\/www.sigam.it\/de\/#\/schema\/person\/2e4b34964bbef55b7e47943262ff76d8"},"headline":"Sigam Marmitte erobern den internationalen Markt","datePublished":"2019-03-13T10:23:35+00:00","dateModified":"2020-03-18T15:12:37+00:00","mainEntityOfPage":{"@id":"https:\/\/www.sigam.it\/de\/sigam-marmitte-erobern-den-internationalen-markt\/"},"wordCount":361,"image":{"@id":"https:\/\/www.sigam.it\/de\/sigam-marmitte-erobern-den-internationalen-markt\/#primaryimage"},"thumbnailUrl":"https:\/\/www.sigam.it\/wp-content\/uploads\/2019\/03\/marmitte-sigam.jpg","articleSection":["Unkategorisiert"],"inLanguage":"de"},{"@type":"WebPage","@id":"https:\/\/www.sigam.it\/de\/sigam-marmitte-erobern-den-internationalen-markt\/","url":"https:\/\/www.sigam.it\/de\/sigam-marmitte-erobern-den-internationalen-markt\/","name":"Sigam Marmitte erobern den internationalen Markt - Sigam","isPartOf":{"@id":"https:\/\/www.sigam.it\/de\/#website"},"primaryImageOfPage":{"@id":"https:\/\/www.sigam.it\/de\/sigam-marmitte-erobern-den-internationalen-markt\/#primaryimage"},"image":{"@id":"https:\/\/www.sigam.it\/de\/sigam-marmitte-erobern-den-internationalen-markt\/#primaryimage"},"thumbnailUrl":"https:\/\/www.sigam.it\/wp-content\/uploads\/2019\/03\/marmitte-sigam.jpg","datePublished":"2019-03-13T10:23:35+00:00","dateModified":"2020-03-18T15:12:37+00:00","author":{"@id":"https:\/\/www.sigam.it\/de\/#\/schema\/person\/2e4b34964bbef55b7e47943262ff76d8"},"breadcrumb":{"@id":"https:\/\/www.sigam.it\/de\/sigam-marmitte-erobern-den-internationalen-markt\/#breadcrumb"},"inLanguage":"de","potentialAction":[{"@type":"ReadAction","target":["https:\/\/www.sigam.it\/de\/sigam-marmitte-erobern-den-internationalen-markt\/"]}]},{"@type":"ImageObject","inLanguage":"de","@id":"https:\/\/www.sigam.it\/de\/sigam-marmitte-erobern-den-internationalen-markt\/#primaryimage","url":"https:\/\/www.sigam.it\/wp-content\/uploads\/2019\/03\/marmitte-sigam.jpg","contentUrl":"https:\/\/www.sigam.it\/wp-content\/uploads\/2019\/03\/marmitte-sigam.jpg","width":1600,"height":1200},{"@type":"BreadcrumbList","@id":"https:\/\/www.sigam.it\/de\/sigam-marmitte-erobern-den-internationalen-markt\/#breadcrumb","itemListElement":[{"@type":"ListItem","position":1,"name":"Home","item":"https:\/\/www.sigam.it\/de\/"},{"@type":"ListItem","position":2,"name":"Sigam Marmitte erobern den internationalen Markt"}]},{"@type":"WebSite","@id":"https:\/\/www.sigam.it\/de\/#website","url":"https:\/\/www.sigam.it\/de\/","name":"Sigam","description":"Leader dei sistemi di Scarico","potentialAction":[{"@type":"SearchAction","target":{"@type":"EntryPoint","urlTemplate":"https:\/\/www.sigam.it\/de\/?s={search_term_string}"},"query-input":{"@type":"PropertyValueSpecification","valueRequired":true,"valueName":"search_term_string"}}],"inLanguage":"de"},{"@type":"Person","@id":"https:\/\/www.sigam.it\/de\/#\/schema\/person\/2e4b34964bbef55b7e47943262ff76d8","name":"Raffaele@Sigam","image":{"@type":"ImageObject","inLanguage":"de","@id":"https:\/\/www.sigam.it\/de\/#\/schema\/person\/image\/","url":"https:\/\/secure.gravatar.com\/avatar\/1dc262aecd459fc0b03da668fce8a407bd0d6af1011fb2b23cee1c9fc0ea290a?s=96&d=mm&r=g","contentUrl":"https:\/\/secure.gravatar.com\/avatar\/1dc262aecd459fc0b03da668fce8a407bd0d6af1011fb2b23cee1c9fc0ea290a?s=96&d=mm&r=g","caption":"Raffaele@Sigam"},"url":"https:\/\/www.sigam.it\/de\/author\/raffaelesigam\/"}]}},"_links":{"self":[{"href":"https:\/\/www.sigam.it\/de\/wp-json\/wp\/v2\/posts\/2070","targetHints":{"allow":["GET"]}}],"collection":[{"href":"https:\/\/www.sigam.it\/de\/wp-json\/wp\/v2\/posts"}],"about":[{"href":"https:\/\/www.sigam.it\/de\/wp-json\/wp\/v2\/types\/post"}],"author":[{"embeddable":true,"href":"https:\/\/www.sigam.it\/de\/wp-json\/wp\/v2\/users\/1"}],"replies":[{"embeddable":true,"href":"https:\/\/www.sigam.it\/de\/wp-json\/wp\/v2\/comments?post=2070"}],"version-history":[{"count":0,"href":"https:\/\/www.sigam.it\/de\/wp-json\/wp\/v2\/posts\/2070\/revisions"}],"wp:featuredmedia":[{"embeddable":true,"href":"https:\/\/www.sigam.it\/de\/wp-json\/wp\/v2\/media\/2071"}],"wp:attachment":[{"href":"https:\/\/www.sigam.it\/de\/wp-json\/wp\/v2\/media?parent=2070"}],"wp:term":[{"taxonomy":"category","embeddable":true,"href":"https:\/\/www.sigam.it\/de\/wp-json\/wp\/v2\/categories?post=2070"},{"taxonomy":"post_tag","embeddable":true,"href":"https:\/\/www.sigam.it\/de\/wp-json\/wp\/v2\/tags?post=2070"}],"curies":[{"name":"wp","href":"https:\/\/api.w.org\/{rel}","templated":true}]}}